{"id":5842,"date":"2021-10-06T13:11:08","date_gmt":"2021-10-06T10:11:08","guid":{"rendered":"http:\/\/www.phil.bilkent.edu.tr\/?p=5842"},"modified":"2022-01-05T13:29:32","modified_gmt":"2022-01-05T11:29:32","slug":"bilkent-universitesi-1-lykeion-lise-felsefe-konferansi","status":"publish","type":"post","link":"http:\/\/www.phil.bilkent.edu.tr\/index.php\/2021\/10\/06\/bilkent-universitesi-1-lykeion-lise-felsefe-konferansi\/","title":{"rendered":"Bilkent \u00dcniversitesi 1. Lykeion Lise Felsefe Konferans\u0131"},"content":{"rendered":"<p><em><img fetchpriority=\"high\" decoding=\"async\" class=\" wp-image-5864 alignright\" src=\"http:\/\/www.phil.bilkent.edu.tr\/wp-content\/uploads\/2021\/10\/2dbd2313-5706-4928-8042-9b8c8fe4185f-300x300.jpeg\" alt=\"\" width=\"331\" height=\"331\" srcset=\"http:\/\/www.phil.bilkent.edu.tr\/wp-content\/uploads\/2021\/10\/2dbd2313-5706-4928-8042-9b8c8fe4185f-300x300.jpeg 300w, http:\/\/www.phil.bilkent.edu.tr\/wp-content\/uploads\/2021\/10\/2dbd2313-5706-4928-8042-9b8c8fe4185f-1024x1024.jpeg 1024w, http:\/\/www.phil.bilkent.edu.tr\/wp-content\/uploads\/2021\/10\/2dbd2313-5706-4928-8042-9b8c8fe4185f-150x150.jpeg 150w, http:\/\/www.phil.bilkent.edu.tr\/wp-content\/uploads\/2021\/10\/2dbd2313-5706-4928-8042-9b8c8fe4185f-768x768.jpeg 768w, http:\/\/www.phil.bilkent.edu.tr\/wp-content\/uploads\/2021\/10\/2dbd2313-5706-4928-8042-9b8c8fe4185f-30x30.jpeg 30w, http:\/\/www.phil.bilkent.edu.tr\/wp-content\/uploads\/2021\/10\/2dbd2313-5706-4928-8042-9b8c8fe4185f.jpeg 1080w\" sizes=\"(max-width: 331px) 100vw, 331px\" \/><\/em><\/p>\n<p>(Bilkent University Lykeion High School Philosophy Conference will be held in Turkish)<\/p>\n<p><em>Konferans Platformu<\/em>: Zoom<\/p>\n<p><em>Konferans Tarihi<\/em>: 30 Ocak 2022 Pazar<\/p>\n<p>Konferansa izleyici olarak kat\u0131lmak i\u00e7in kay\u0131t olmak gerekmektedir. Kay\u0131t tamamland\u0131\u011f\u0131nda Zoom linki e-posta adresinize g\u00f6nderilecektir.<\/p>\n<p>Kay\u0131t olmak i\u00e7in <a href=\"https:\/\/zoom.us\/meeting\/register\/tJcvde2hrzsvGdW96aTV42W3MjMkBQ5TRTx0\" target=\"_blank\" rel=\"noopener\"><em><strong>buraya<\/strong> <\/em><\/a>t\u0131klay\u0131n\u0131z.<\/p>\n<p>A\u011f\u0131rl\u0131kl\u0131 olarak lise \u00f6\u011frencilerinden olu\u015fan <a href=\"https:\/\/www.instagram.com\/lykeion.felsefe\/\" target=\"_blank\" rel=\"noopener\">Lykeion Felsefe<\/a> ekibi olarak, Bilkent \u00dcniversitesi Felsefe B\u00f6l\u00fcm\u00fc ortakl\u0131\u011f\u0131yla, T\u00fcrkiye\u2019nin ilk lise felsefe konferans\u0131n\u0131 d\u00fczenlemekten mutluluk duyuyoruz.<\/p>\n<p>Bu konferans\u0131, \u201cfelsefe \u00f6\u011frenmenin en iyi yolu felsefe yapmakt\u0131r\u201d anlay\u0131\u015f\u0131yla, felsefeyle ilgilenen ya da merak duyan lise \u00f6\u011frencilerinin fikirlerini \u00f6zg\u00fcr, ak\u0131lc\u0131, akademik bir ortamda payla\u015fmas\u0131n\u0131 sa\u011flamak, ele\u015ftirel d\u00fc\u015f\u00fcnme ve tart\u0131\u015fma becerilerini geli\u015ftirmek, felsefi g\u00f6r\u00fc\u015f olu\u015fturmalar\u0131na yard\u0131mc\u0131 olmak, ayr\u0131ca felsefi konularda entelekt\u00fcel tatmin ve merak olu\u015fturmak amac\u0131yla d\u00fczenliyoruz.<\/p>\n<p>&nbsp;<\/p>\n<p><strong>Konferans Program\u0131:<\/strong><\/p>\n<p>(Program\u0131 <a href=\"http:\/\/www.phil.bilkent.edu.tr\/wp-content\/uploads\/2021\/12\/Konferans-Programi.pdf\" target=\"_blank\" rel=\"noopener\"><em>buradan<\/em><\/a> indirebilirsiniz)<\/p>\n<p><em> 30 Ocak 2022 Pazar<\/em><\/p>\n<p>&nbsp;<\/p>\n<p>13:00 &#8211; 13:10<\/p>\n<p><strong>Dr. Tufan K\u0131ymaz <\/strong><\/p>\n<p><em>Bilkent \u00dcniversitesi Felsefe B\u00f6l\u00fcm\u00fc<\/em><\/p>\n<p>A\u00e7\u0131l\u0131\u015f konu\u015fmas\u0131<\/p>\n<p>&nbsp;<\/p>\n<p><strong>Birinci Oturum:<\/strong><\/p>\n<p>13:10 &#8211; 13:35<\/p>\n<p><strong>\u00d6zge Ya\u011fmur Sancakl\u0131, Alara Urunga <\/strong><\/p>\n<p><em>\u00d6zel \u0130zmir Amerikan Koleji, 10. S\u0131n\u0131f<\/em><\/p>\n<p>Sokrates \u201cSorgulanmam\u0131\u015f hayat ya\u015famaya de\u011fmez\u201d derken hakl\u0131 m\u0131yd\u0131?<\/p>\n<p>13:35 &#8211; 14:00<\/p>\n<p><strong>Batuhan Akbulut<\/strong><\/p>\n<p><em>\u00dcsk\u00fcdar Hac\u0131 Sabanc\u0131 Lisesi, 12. S\u0131n\u0131f<\/em><\/p>\n<p>Bir eylemi ahlaken do\u011fru ya da yanl\u0131\u015f yapan nedir?<\/p>\n<p>&nbsp;<\/p>\n<p><strong>\u0130kinci Oturum:<\/strong><\/p>\n<p>14:10 &#8211; 14:35<\/p>\n<p><strong>Ahmet Serbay Erden<\/strong><\/p>\n<p><em>Bal\u0131kesir S\u0131rr\u0131 Y\u0131rcal\u0131 Anadolu Lisesi, 12. S\u0131n\u0131f<\/em><\/p>\n<p>Her inanc\u0131m\u0131z delile mi dayanmal\u0131d\u0131r?<\/p>\n<p>14:35 &#8211; 15:00<\/p>\n<p><strong>Beyza Y\u0131lmaz, G\u00fclse G\u00fcne\u015f, Melih Kuyulu<\/strong><\/p>\n<p><em>Kastamonu Fen Lisesi, Kastamonu Abdurrahmanpa\u015fa Lisesi, 12. S\u0131n\u0131f<\/em><\/p>\n<p>Matrix\u2019te (ya da bir r\u00fcyada) ya\u015famad\u0131\u011f\u0131m\u0131zdan emin olabilir miyiz?<\/p>\n<p>&nbsp;<\/p>\n<p><strong>\u00dc\u00e7\u00fcnc\u00fc Oturum:<\/strong><\/p>\n<p>15:10 &#8211; 15:35<\/p>\n<p><strong>Nazl\u0131 \u00c7oko\u011flu<\/strong><\/p>\n<p><em>\u0130zmir \u00d6vg\u00fc Terziba\u015f\u0131o\u011flu Anadolu Lisesi, 11. S\u0131n\u0131f<\/em><\/p>\n<p>Ruh var m\u0131d\u0131r, yoksa zihnimiz beynimizden mi ibarettir?<\/p>\n<p>15:35 &#8211; 16:00<\/p>\n<p><strong>\u015eefika \u00d6zt\u00fcrk<\/strong><\/p>\n<p><em>Antalya Konyaalt\u0131 Bah\u00e7e\u015fehir Koleji Fen ve Teknoloji Lisesi, 11. S\u0131n\u0131f<\/em><\/p>\n<p>Bilgisayarlar d\u00fc\u015f\u00fcnebilir mi?<\/p>\n<p>&nbsp;<\/p>\n<p><strong>Panel Oturumu:<\/strong><\/p>\n<p>Hayatta mutluluktan daha \u00f6nemli bir \u015fey var m\u0131d\u0131r?<\/p>\n<p>16:10 &#8211; 17:10<\/p>\n<p><strong>Lal Su Ta\u015f\u00e7\u0131<\/strong><\/p>\n<p><em>\u0130zmir \u00d6vg\u00fc Terziba\u015f\u0131o\u011flu Anadolu Lisesi, 10. S\u0131n\u0131f<\/em><\/p>\n<p><strong>Serhat Altun<\/strong><\/p>\n<p><em>Ankara Varl\u0131k Anadolu Lisesi, 12. S\u0131n\u0131f<\/em><\/p>\n<p><strong>G\u00fcler Ay\u00e7i\u00e7ek<\/strong><\/p>\n<p><em>\u00d6zel \u0130zmir Amerikan Koleji, 11. S\u0131n\u0131f\u00a0\u00a0\u00a0\u00a0\u00a0\u00a0\u00a0\u00a0\u00a0\u00a0\u00a0 <\/em><\/p>\n<p><em>\u00a0<\/em><\/p>\n<p>17:10 &#8211; 17:15<\/p>\n<p><strong>Dr. Tufan K\u0131ymaz <\/strong><\/p>\n<p><em>Bilkent \u00dcniversitesi Felsefe B\u00f6l\u00fcm\u00fc<\/em><\/p>\n<p>Kapan\u0131\u015f konu\u015fmas\u0131<\/p>\n<p>&nbsp;<\/p>\n<p><strong><em>Lykeion Konferans D\u00fczenleme Kurulu:<\/em><\/strong><\/p>\n<p><em>Kurul Ba\u015fkan\u0131:<\/em><\/p>\n<p>Dr. Tufan K\u0131ymaz (Bilkent \u00dcniversitesi Felsefe B\u00f6l\u00fcm\u00fc \u00d6\u011fretim \u00dcyesi)<\/p>\n<p><em>Kurul \u00dcyeleri:<\/em><\/p>\n<p>Tuana \u00c7ercive (Ankara Atat\u00fcrk Lisesi, 11. S\u0131n\u0131f \u00d6\u011frencisi)<\/p>\n<p>Berfin Do\u011fan (Ankara Atat\u00fcrk Lisesi, 11. S\u0131n\u0131f \u00d6\u011frencisi)<\/p>\n<p>Deniz Duru Eratak (Ankara Atat\u00fcrk Lisesi, 11. S\u0131n\u0131f \u00d6\u011frencisi)<\/p>\n<p>Ahmet Serbay Erden (S\u0131rr\u0131 Y\u0131rcal\u0131 Anadolu Lisesi 12. S\u0131n\u0131f \u00f6\u011frencisi)<\/p>\n<p>Yasin \u015eahin (Bo\u011fazi\u00e7i \u00dcniversitesi, Tarih B\u00f6l\u00fcm\u00fc, Haz\u0131rl\u0131k S\u0131n\u0131f\u0131 \u00d6\u011frencisi)<\/p>\n<p>Damla \u0130layda Yi\u011fitba\u015f (Ankara Atat\u00fcrk Lisesi, 11. S\u0131n\u0131f \u00d6\u011frencisi)<\/p>\n<p>&nbsp;<\/p>\n<p><img decoding=\"async\" class=\" wp-image-5847 aligncenter\" src=\"http:\/\/www.phil.bilkent.edu.tr\/wp-content\/uploads\/2021\/10\/Eix4TDAWAAABYIK-300x145.jpg\" alt=\"\" width=\"668\" height=\"323\" srcset=\"http:\/\/www.phil.bilkent.edu.tr\/wp-content\/uploads\/2021\/10\/Eix4TDAWAAABYIK-300x145.jpg 300w, http:\/\/www.phil.bilkent.edu.tr\/wp-content\/uploads\/2021\/10\/Eix4TDAWAAABYIK-1024x495.jpg 1024w, http:\/\/www.phil.bilkent.edu.tr\/wp-content\/uploads\/2021\/10\/Eix4TDAWAAABYIK-768x371.jpg 768w, http:\/\/www.phil.bilkent.edu.tr\/wp-content\/uploads\/2021\/10\/Eix4TDAWAAABYIK.jpg 1443w\" sizes=\"(max-width: 668px) 100vw, 668px\" \/><\/p>\n<p>&nbsp;<\/p>\n<p><strong>\u00d6zet \u00c7a\u011fr\u0131s\u0131:<\/strong> (<em>KAPANDI<\/em>)<\/p>\n<p>Haz\u0131rl\u0131k s\u0131n\u0131f\u0131ndan 12. s\u0131n\u0131fa kadar, her okuldan t\u00fcm lise \u00f6\u011frencileri bu konferansta konu\u015fmac\u0131 olarak yer almak i\u00e7in ba\u015fvurabilir.<\/p>\n<p>Konferansta, her konu\u015fmac\u0131n\u0131n PowerPoint sunumu ya da benzer g\u00f6rsellerle desteklenen 10-15 dakikal\u0131k sunumunun ard\u0131ndan soru-cevap ve tart\u0131\u015fma k\u0131sm\u0131 olacakt\u0131r.<\/p>\n<p>Bir sunumu birden fazla \u00f6\u011frencinin ortakla\u015fa yapmas\u0131 da m\u00fcmk\u00fcnd\u00fcr. E\u011fer sunumu birden fazla ki\u015fi olarak yapmay\u0131 tercih ediyorsan\u0131z ba\u015fvurunuz s\u0131ras\u0131nda bunu belirtmeniz gerekmektedir.<\/p>\n<p><strong><em>Ba\u015fvuru s\u00fcreci:<\/em><\/strong><\/p>\n<p>Sunum yapmak isteyen \u00f6\u011frencilerin a\u015fa\u011f\u0131da belirtilen sorulardan birini se\u00e7erek cevaplamalar\u0131 ve cevaplar\u0131n\u0131 destekleyici arg\u00fcmanlar\u0131n\u0131 ortaya koyarak a\u00e7\u0131klamalar\u0131 gerekmektedir.<\/p>\n<ul>\n<li>Bilgisayarlar d\u00fc\u015f\u00fcnebilir mi?<\/li>\n<li>Matrix\u2019te (ya da bir r\u00fcyada) ya\u015famad\u0131\u011f\u0131m\u0131zdan emin olabilir miyiz?<\/li>\n<li>Ama\u00e7lar her zaman ara\u00e7lar\u0131 m\u00fcbah k\u0131lar m\u0131?<\/li>\n<li>Ruh var m\u0131d\u0131r, yoksa zihnimiz beynimizden mi ibarettir?<\/li>\n<li>Bir eylemi ahlaken do\u011fru ya da yanl\u0131\u015f yapan nedir? (Niyet? Eylemin sonu\u00e7lar\u0131? Toplumun normlar\u0131? vs.)<\/li>\n<li>Hayatta mutluluktan daha \u00f6nemli bir \u015fey var m\u0131d\u0131r?<\/li>\n<li>Sokrates \u201cSorgulanmam\u0131\u015f hayat ya\u015famaya de\u011fmez\u201d derken hakl\u0131 m\u0131yd\u0131?<\/li>\n<li>Her inanc\u0131m\u0131z delile mi dayanmal\u0131d\u0131r?<\/li>\n<li>\u0130nsan, do\u011fas\u0131 gere\u011fi bencil midir?<\/li>\n<li>Et yemek ahlaken yanl\u0131\u015f m\u0131d\u0131r?<\/li>\n<\/ul>\n<p>Yapmak istedi\u011finiz sunumun \u00f6zetini 300-500 kelimelik bir metin veya maksimum be\u015f dakikal\u0131k bir video olarak <em>18 Kas\u0131m 2021 Per\u015fembe <\/em>g\u00fcn\u00fc 23:59\u2019a kadar lykeion@bilkent.edu.tr e-posta adresine g\u00f6nderebilirsiniz.<\/p>\n<p>Konferansta sunum yapmaya hak kazanan \u00f6\u011frenciler 25 Kas\u0131m 2021 tarihinde a\u00e7\u0131klanacakt\u0131r.<\/p>\n<p><strong><em>Sunum ve Yay\u0131n S\u00fcreci:<\/em><\/strong><\/p>\n<p>Konferansta sunumlar Zoom program\u0131 kullan\u0131larak online olarak yap\u0131lacakt\u0131r. Konferans sonras\u0131nda d\u00fczenleme kurulu taraf\u0131ndan se\u00e7ilen baz\u0131 sunumlar, konu\u015fmac\u0131n\u0131n izni dahilinde ve gerekli d\u00fczenlemeler yap\u0131ld\u0131ktan sonra \u201cLykeion Felsefe\u201d YouTube kanal\u0131nda yay\u0131nlanacakt\u0131r. Ayr\u0131ca, baz\u0131 sunumlar\u0131n d\u00fczeltilmi\u015f metni, konu\u015fmac\u0131lar\u0131n iste\u011fi do\u011frultusunda, Bilkent \u00dcniversitesi Lisans Felsefe Dergisi <em>Prokopton<\/em>\u2019da (<a href=\"https:\/\/prokopton.bilkent.edu.tr\/\" target=\"_blank\" rel=\"noopener\">prokopton.bilkent.edu.tr<\/a>) yay\u0131nlanacakt\u0131r. Yay\u0131na dair son karar Prokopton yaz\u0131 i\u015fleri kuruluna aittir.<\/p>\n<p>Koferans program\u0131, dinleyici olarak kat\u0131lmak isteyenler i\u00e7in kay\u0131t bilgileri ve konferansa dair di\u011fer geli\u015fmeler bu web sayfas\u0131nda, Bilkent Felsefe Twitter hesab\u0131nda (<a href=\"https:\/\/twitter.com\/BilkentPhil\" target=\"_blank\" rel=\"noopener\">twitter.com\/BilkentPhil<\/a>) ve Lykeion.felsefe Instagram sayfas\u0131nda (<a href=\"https:\/\/www.instagram.com\/lykeion.felsefe\/\" target=\"_blank\" rel=\"noopener\">instagram.com\/lykeion.felsefe<\/a>) duyurulacakt\u0131r.<\/p>\n<p>Konferans ve ba\u015fvuru s\u00fcrecine dair sorular\u0131n\u0131z i\u00e7in: <a href=\"mailto:lykeion@bilkent.edu.tr\">lykeion@bilkent.edu.tr<\/a><\/p>\n","protected":false},"excerpt":{"rendered":"<p>A\u011f\u0131rl\u0131kl\u0131 olarak lise \u00f6\u011frencilerinden olu\u015fan Lykeion Felsefe ekibi olarak, Bilkent \u00dcniversitesi Felsefe B\u00f6l\u00fcm\u00fc ortakl\u0131\u011f\u0131yla, T\u00fcrkiye\u2019nin ilk lise felsefe konferans\u0131n\u0131 d\u00fczenlemekten mutluluk duyuyoruz.<\/p>\n","protected":false},"author":4,"featured_media":5872,"comment_status":"closed","ping_status":"closed","sticky":false,"template":"","format":"standard","meta":{"inline_featured_image":false,"_monsterinsights_skip_tracking":false,"_monsterinsights_sitenote_active":false,"_monsterinsights_sitenote_note":"","_monsterinsights_sitenote_category":0,"ngg_post_thumbnail":0,"footnotes":""},"categories":[22],"tags":[],"class_list":["post-5842","post","type-post","status-publish","format-standard","has-post-thumbnail","hentry","category-student-conferences"],"yoast_head":"<!-- This site is optimized with the Yoast SEO plugin v27.4 - https:\/\/yoast.com\/product\/yoast-seo-wordpress\/ -->\n<title>Bilkent \u00dcniversitesi 1. Lykeion Lise Felsefe Konferans\u0131 - Bilkent Philosophy<\/title>\n<meta name=\"robots\" content=\"index, follow, max-snippet:-1, max-image-preview:large, max-video-preview:-1\" \/>\n<link rel=\"canonical\" href=\"http:\/\/www.phil.bilkent.edu.tr\/index.php\/2021\/10\/06\/bilkent-universitesi-1-lykeion-lise-felsefe-konferansi\/\" \/>\n<meta property=\"og:locale\" content=\"en_US\" \/>\n<meta property=\"og:type\" content=\"article\" \/>\n<meta property=\"og:title\" content=\"Bilkent \u00dcniversitesi 1. Lykeion Lise Felsefe Konferans\u0131 - Bilkent Philosophy\" \/>\n<meta property=\"og:description\" content=\"A\u011f\u0131rl\u0131kl\u0131 olarak lise \u00f6\u011frencilerinden olu\u015fan Lykeion Felsefe ekibi olarak, Bilkent \u00dcniversitesi Felsefe B\u00f6l\u00fcm\u00fc ortakl\u0131\u011f\u0131yla, T\u00fcrkiye\u2019nin ilk lise felsefe konferans\u0131n\u0131 d\u00fczenlemekten mutluluk duyuyoruz.\" \/>\n<meta property=\"og:url\" content=\"http:\/\/www.phil.bilkent.edu.tr\/index.php\/2021\/10\/06\/bilkent-universitesi-1-lykeion-lise-felsefe-konferansi\/\" \/>\n<meta property=\"og:site_name\" content=\"Bilkent Philosophy\" \/>\n<meta property=\"article:publisher\" content=\"https:\/\/www.facebook.com\/bilkent.philosophy\" \/>\n<meta property=\"article:published_time\" content=\"2021-10-06T10:11:08+00:00\" \/>\n<meta property=\"article:modified_time\" content=\"2022-01-05T11:29:32+00:00\" \/>\n<meta property=\"og:image\" content=\"http:\/\/www.phil.bilkent.edu.tr\/wp-content\/uploads\/2021\/10\/MillarWattPlatoLL-mirror_crop-2.jpg\" \/>\n\t<meta property=\"og:image:width\" content=\"749\" \/>\n\t<meta property=\"og:image:height\" content=\"316\" \/>\n\t<meta property=\"og:image:type\" content=\"image\/jpeg\" \/>\n<meta name=\"author\" content=\"Tufan Kiymaz\" \/>\n<meta name=\"twitter:card\" content=\"summary_large_image\" \/>\n<meta name=\"twitter:creator\" content=\"@BilkentPhil\" \/>\n<meta name=\"twitter:site\" content=\"@BilkentPhil\" \/>\n<meta name=\"twitter:label1\" content=\"Written by\" \/>\n\t<meta name=\"twitter:data1\" content=\"Tufan Kiymaz\" \/>\n\t<meta name=\"twitter:label2\" content=\"Est. reading time\" \/>\n\t<meta name=\"twitter:data2\" content=\"5 minutes\" \/>\n<script type=\"application\/ld+json\" class=\"yoast-schema-graph\">{\"@context\":\"https:\\\/\\\/schema.org\",\"@graph\":[{\"@type\":\"Article\",\"@id\":\"http:\\\/\\\/www.phil.bilkent.edu.tr\\\/index.php\\\/2021\\\/10\\\/06\\\/bilkent-universitesi-1-lykeion-lise-felsefe-konferansi\\\/#article\",\"isPartOf\":{\"@id\":\"http:\\\/\\\/www.phil.bilkent.edu.tr\\\/index.php\\\/2021\\\/10\\\/06\\\/bilkent-universitesi-1-lykeion-lise-felsefe-konferansi\\\/\"},\"author\":{\"name\":\"Tufan Kiymaz\",\"@id\":\"http:\\\/\\\/www.phil.bilkent.edu.tr\\\/#\\\/schema\\\/person\\\/8e079ebaa58e5ee404f2460ae6c1517e\"},\"headline\":\"Bilkent \u00dcniversitesi 1. Lykeion Lise Felsefe Konferans\u0131\",\"datePublished\":\"2021-10-06T10:11:08+00:00\",\"dateModified\":\"2022-01-05T11:29:32+00:00\",\"mainEntityOfPage\":{\"@id\":\"http:\\\/\\\/www.phil.bilkent.edu.tr\\\/index.php\\\/2021\\\/10\\\/06\\\/bilkent-universitesi-1-lykeion-lise-felsefe-konferansi\\\/\"},\"wordCount\":918,\"publisher\":{\"@id\":\"http:\\\/\\\/www.phil.bilkent.edu.tr\\\/#organization\"},\"image\":{\"@id\":\"http:\\\/\\\/www.phil.bilkent.edu.tr\\\/index.php\\\/2021\\\/10\\\/06\\\/bilkent-universitesi-1-lykeion-lise-felsefe-konferansi\\\/#primaryimage\"},\"thumbnailUrl\":\"http:\\\/\\\/www.phil.bilkent.edu.tr\\\/wp-content\\\/uploads\\\/2021\\\/10\\\/MillarWattPlatoLL-mirror_crop-2.jpg\",\"articleSection\":[\"Student Conferences\"],\"inLanguage\":\"en-US\"},{\"@type\":\"WebPage\",\"@id\":\"http:\\\/\\\/www.phil.bilkent.edu.tr\\\/index.php\\\/2021\\\/10\\\/06\\\/bilkent-universitesi-1-lykeion-lise-felsefe-konferansi\\\/\",\"url\":\"http:\\\/\\\/www.phil.bilkent.edu.tr\\\/index.php\\\/2021\\\/10\\\/06\\\/bilkent-universitesi-1-lykeion-lise-felsefe-konferansi\\\/\",\"name\":\"Bilkent \u00dcniversitesi 1. Lykeion Lise Felsefe Konferans\u0131 - Bilkent Philosophy\",\"isPartOf\":{\"@id\":\"http:\\\/\\\/www.phil.bilkent.edu.tr\\\/#website\"},\"primaryImageOfPage\":{\"@id\":\"http:\\\/\\\/www.phil.bilkent.edu.tr\\\/index.php\\\/2021\\\/10\\\/06\\\/bilkent-universitesi-1-lykeion-lise-felsefe-konferansi\\\/#primaryimage\"},\"image\":{\"@id\":\"http:\\\/\\\/www.phil.bilkent.edu.tr\\\/index.php\\\/2021\\\/10\\\/06\\\/bilkent-universitesi-1-lykeion-lise-felsefe-konferansi\\\/#primaryimage\"},\"thumbnailUrl\":\"http:\\\/\\\/www.phil.bilkent.edu.tr\\\/wp-content\\\/uploads\\\/2021\\\/10\\\/MillarWattPlatoLL-mirror_crop-2.jpg\",\"datePublished\":\"2021-10-06T10:11:08+00:00\",\"dateModified\":\"2022-01-05T11:29:32+00:00\",\"breadcrumb\":{\"@id\":\"http:\\\/\\\/www.phil.bilkent.edu.tr\\\/index.php\\\/2021\\\/10\\\/06\\\/bilkent-universitesi-1-lykeion-lise-felsefe-konferansi\\\/#breadcrumb\"},\"inLanguage\":\"en-US\",\"potentialAction\":[{\"@type\":\"ReadAction\",\"target\":[\"http:\\\/\\\/www.phil.bilkent.edu.tr\\\/index.php\\\/2021\\\/10\\\/06\\\/bilkent-universitesi-1-lykeion-lise-felsefe-konferansi\\\/\"]}]},{\"@type\":\"ImageObject\",\"inLanguage\":\"en-US\",\"@id\":\"http:\\\/\\\/www.phil.bilkent.edu.tr\\\/index.php\\\/2021\\\/10\\\/06\\\/bilkent-universitesi-1-lykeion-lise-felsefe-konferansi\\\/#primaryimage\",\"url\":\"http:\\\/\\\/www.phil.bilkent.edu.tr\\\/wp-content\\\/uploads\\\/2021\\\/10\\\/MillarWattPlatoLL-mirror_crop-2.jpg\",\"contentUrl\":\"http:\\\/\\\/www.phil.bilkent.edu.tr\\\/wp-content\\\/uploads\\\/2021\\\/10\\\/MillarWattPlatoLL-mirror_crop-2.jpg\",\"width\":749,\"height\":316},{\"@type\":\"BreadcrumbList\",\"@id\":\"http:\\\/\\\/www.phil.bilkent.edu.tr\\\/index.php\\\/2021\\\/10\\\/06\\\/bilkent-universitesi-1-lykeion-lise-felsefe-konferansi\\\/#breadcrumb\",\"itemListElement\":[{\"@type\":\"ListItem\",\"position\":1,\"name\":\"Home\",\"item\":\"http:\\\/\\\/www.phil.bilkent.edu.tr\\\/\"},{\"@type\":\"ListItem\",\"position\":2,\"name\":\"Bilkent \u00dcniversitesi 1. Lykeion Lise Felsefe Konferans\u0131\"}]},{\"@type\":\"WebSite\",\"@id\":\"http:\\\/\\\/www.phil.bilkent.edu.tr\\\/#website\",\"url\":\"http:\\\/\\\/www.phil.bilkent.edu.tr\\\/\",\"name\":\"Bilkent Philosophy\",\"description\":\"Bilkent University\",\"publisher\":{\"@id\":\"http:\\\/\\\/www.phil.bilkent.edu.tr\\\/#organization\"},\"potentialAction\":[{\"@type\":\"SearchAction\",\"target\":{\"@type\":\"EntryPoint\",\"urlTemplate\":\"http:\\\/\\\/www.phil.bilkent.edu.tr\\\/?s={search_term_string}\"},\"query-input\":{\"@type\":\"PropertyValueSpecification\",\"valueRequired\":true,\"valueName\":\"search_term_string\"}}],\"inLanguage\":\"en-US\"},{\"@type\":\"Organization\",\"@id\":\"http:\\\/\\\/www.phil.bilkent.edu.tr\\\/#organization\",\"name\":\"Bilkent Philosophy\",\"url\":\"http:\\\/\\\/www.phil.bilkent.edu.tr\\\/\",\"logo\":{\"@type\":\"ImageObject\",\"inLanguage\":\"en-US\",\"@id\":\"http:\\\/\\\/www.phil.bilkent.edu.tr\\\/#\\\/schema\\\/logo\\\/image\\\/\",\"url\":\"http:\\\/\\\/www.phil.bilkent.edu.tr\\\/wp-content\\\/uploads\\\/2016\\\/10\\\/Bilkent-phil_logo.png\",\"contentUrl\":\"http:\\\/\\\/www.phil.bilkent.edu.tr\\\/wp-content\\\/uploads\\\/2016\\\/10\\\/Bilkent-phil_logo.png\",\"width\":328,\"height\":54,\"caption\":\"Bilkent Philosophy\"},\"image\":{\"@id\":\"http:\\\/\\\/www.phil.bilkent.edu.tr\\\/#\\\/schema\\\/logo\\\/image\\\/\"},\"sameAs\":[\"https:\\\/\\\/www.facebook.com\\\/bilkent.philosophy\",\"https:\\\/\\\/x.com\\\/BilkentPhil\",\"https:\\\/\\\/www.youtube.com\\\/channel\\\/UCzij4ZE6X-bu1d9t6DJhlLA\"]},{\"@type\":\"Person\",\"@id\":\"http:\\\/\\\/www.phil.bilkent.edu.tr\\\/#\\\/schema\\\/person\\\/8e079ebaa58e5ee404f2460ae6c1517e\",\"name\":\"Tufan Kiymaz\",\"image\":{\"@type\":\"ImageObject\",\"inLanguage\":\"en-US\",\"@id\":\"https:\\\/\\\/secure.gravatar.com\\\/avatar\\\/e880df9bcbb2c04afb694d82f61ec625eb86a99c165131947ab98b9d67e57abc?s=96&d=mm&r=g\",\"url\":\"https:\\\/\\\/secure.gravatar.com\\\/avatar\\\/e880df9bcbb2c04afb694d82f61ec625eb86a99c165131947ab98b9d67e57abc?s=96&d=mm&r=g\",\"contentUrl\":\"https:\\\/\\\/secure.gravatar.com\\\/avatar\\\/e880df9bcbb2c04afb694d82f61ec625eb86a99c165131947ab98b9d67e57abc?s=96&d=mm&r=g\",\"caption\":\"Tufan Kiymaz\"},\"url\":\"http:\\\/\\\/www.phil.bilkent.edu.tr\\\/index.php\\\/author\\\/tufankiymaz\\\/\"}]}<\/script>\n<!-- \/ Yoast SEO plugin. -->","yoast_head_json":{"title":"Bilkent \u00dcniversitesi 1. Lykeion Lise Felsefe Konferans\u0131 - Bilkent Philosophy","robots":{"index":"index","follow":"follow","max-snippet":"max-snippet:-1","max-image-preview":"max-image-preview:large","max-video-preview":"max-video-preview:-1"},"canonical":"http:\/\/www.phil.bilkent.edu.tr\/index.php\/2021\/10\/06\/bilkent-universitesi-1-lykeion-lise-felsefe-konferansi\/","og_locale":"en_US","og_type":"article","og_title":"Bilkent \u00dcniversitesi 1. Lykeion Lise Felsefe Konferans\u0131 - Bilkent Philosophy","og_description":"A\u011f\u0131rl\u0131kl\u0131 olarak lise \u00f6\u011frencilerinden olu\u015fan Lykeion Felsefe ekibi olarak, Bilkent \u00dcniversitesi Felsefe B\u00f6l\u00fcm\u00fc ortakl\u0131\u011f\u0131yla, T\u00fcrkiye\u2019nin ilk lise felsefe konferans\u0131n\u0131 d\u00fczenlemekten mutluluk duyuyoruz.","og_url":"http:\/\/www.phil.bilkent.edu.tr\/index.php\/2021\/10\/06\/bilkent-universitesi-1-lykeion-lise-felsefe-konferansi\/","og_site_name":"Bilkent Philosophy","article_publisher":"https:\/\/www.facebook.com\/bilkent.philosophy","article_published_time":"2021-10-06T10:11:08+00:00","article_modified_time":"2022-01-05T11:29:32+00:00","og_image":[{"width":749,"height":316,"url":"http:\/\/www.phil.bilkent.edu.tr\/wp-content\/uploads\/2021\/10\/MillarWattPlatoLL-mirror_crop-2.jpg","type":"image\/jpeg"}],"author":"Tufan Kiymaz","twitter_card":"summary_large_image","twitter_creator":"@BilkentPhil","twitter_site":"@BilkentPhil","twitter_misc":{"Written by":"Tufan Kiymaz","Est. reading time":"5 minutes"},"schema":{"@context":"https:\/\/schema.org","@graph":[{"@type":"Article","@id":"http:\/\/www.phil.bilkent.edu.tr\/index.php\/2021\/10\/06\/bilkent-universitesi-1-lykeion-lise-felsefe-konferansi\/#article","isPartOf":{"@id":"http:\/\/www.phil.bilkent.edu.tr\/index.php\/2021\/10\/06\/bilkent-universitesi-1-lykeion-lise-felsefe-konferansi\/"},"author":{"name":"Tufan Kiymaz","@id":"http:\/\/www.phil.bilkent.edu.tr\/#\/schema\/person\/8e079ebaa58e5ee404f2460ae6c1517e"},"headline":"Bilkent \u00dcniversitesi 1. Lykeion Lise Felsefe Konferans\u0131","datePublished":"2021-10-06T10:11:08+00:00","dateModified":"2022-01-05T11:29:32+00:00","mainEntityOfPage":{"@id":"http:\/\/www.phil.bilkent.edu.tr\/index.php\/2021\/10\/06\/bilkent-universitesi-1-lykeion-lise-felsefe-konferansi\/"},"wordCount":918,"publisher":{"@id":"http:\/\/www.phil.bilkent.edu.tr\/#organization"},"image":{"@id":"http:\/\/www.phil.bilkent.edu.tr\/index.php\/2021\/10\/06\/bilkent-universitesi-1-lykeion-lise-felsefe-konferansi\/#primaryimage"},"thumbnailUrl":"http:\/\/www.phil.bilkent.edu.tr\/wp-content\/uploads\/2021\/10\/MillarWattPlatoLL-mirror_crop-2.jpg","articleSection":["Student Conferences"],"inLanguage":"en-US"},{"@type":"WebPage","@id":"http:\/\/www.phil.bilkent.edu.tr\/index.php\/2021\/10\/06\/bilkent-universitesi-1-lykeion-lise-felsefe-konferansi\/","url":"http:\/\/www.phil.bilkent.edu.tr\/index.php\/2021\/10\/06\/bilkent-universitesi-1-lykeion-lise-felsefe-konferansi\/","name":"Bilkent \u00dcniversitesi 1. Lykeion Lise Felsefe Konferans\u0131 - Bilkent Philosophy","isPartOf":{"@id":"http:\/\/www.phil.bilkent.edu.tr\/#website"},"primaryImageOfPage":{"@id":"http:\/\/www.phil.bilkent.edu.tr\/index.php\/2021\/10\/06\/bilkent-universitesi-1-lykeion-lise-felsefe-konferansi\/#primaryimage"},"image":{"@id":"http:\/\/www.phil.bilkent.edu.tr\/index.php\/2021\/10\/06\/bilkent-universitesi-1-lykeion-lise-felsefe-konferansi\/#primaryimage"},"thumbnailUrl":"http:\/\/www.phil.bilkent.edu.tr\/wp-content\/uploads\/2021\/10\/MillarWattPlatoLL-mirror_crop-2.jpg","datePublished":"2021-10-06T10:11:08+00:00","dateModified":"2022-01-05T11:29:32+00:00","breadcrumb":{"@id":"http:\/\/www.phil.bilkent.edu.tr\/index.php\/2021\/10\/06\/bilkent-universitesi-1-lykeion-lise-felsefe-konferansi\/#breadcrumb"},"inLanguage":"en-US","potentialAction":[{"@type":"ReadAction","target":["http:\/\/www.phil.bilkent.edu.tr\/index.php\/2021\/10\/06\/bilkent-universitesi-1-lykeion-lise-felsefe-konferansi\/"]}]},{"@type":"ImageObject","inLanguage":"en-US","@id":"http:\/\/www.phil.bilkent.edu.tr\/index.php\/2021\/10\/06\/bilkent-universitesi-1-lykeion-lise-felsefe-konferansi\/#primaryimage","url":"http:\/\/www.phil.bilkent.edu.tr\/wp-content\/uploads\/2021\/10\/MillarWattPlatoLL-mirror_crop-2.jpg","contentUrl":"http:\/\/www.phil.bilkent.edu.tr\/wp-content\/uploads\/2021\/10\/MillarWattPlatoLL-mirror_crop-2.jpg","width":749,"height":316},{"@type":"BreadcrumbList","@id":"http:\/\/www.phil.bilkent.edu.tr\/index.php\/2021\/10\/06\/bilkent-universitesi-1-lykeion-lise-felsefe-konferansi\/#breadcrumb","itemListElement":[{"@type":"ListItem","position":1,"name":"Home","item":"http:\/\/www.phil.bilkent.edu.tr\/"},{"@type":"ListItem","position":2,"name":"Bilkent \u00dcniversitesi 1. Lykeion Lise Felsefe Konferans\u0131"}]},{"@type":"WebSite","@id":"http:\/\/www.phil.bilkent.edu.tr\/#website","url":"http:\/\/www.phil.bilkent.edu.tr\/","name":"Bilkent Philosophy","description":"Bilkent University","publisher":{"@id":"http:\/\/www.phil.bilkent.edu.tr\/#organization"},"potentialAction":[{"@type":"SearchAction","target":{"@type":"EntryPoint","urlTemplate":"http:\/\/www.phil.bilkent.edu.tr\/?s={search_term_string}"},"query-input":{"@type":"PropertyValueSpecification","valueRequired":true,"valueName":"search_term_string"}}],"inLanguage":"en-US"},{"@type":"Organization","@id":"http:\/\/www.phil.bilkent.edu.tr\/#organization","name":"Bilkent Philosophy","url":"http:\/\/www.phil.bilkent.edu.tr\/","logo":{"@type":"ImageObject","inLanguage":"en-US","@id":"http:\/\/www.phil.bilkent.edu.tr\/#\/schema\/logo\/image\/","url":"http:\/\/www.phil.bilkent.edu.tr\/wp-content\/uploads\/2016\/10\/Bilkent-phil_logo.png","contentUrl":"http:\/\/www.phil.bilkent.edu.tr\/wp-content\/uploads\/2016\/10\/Bilkent-phil_logo.png","width":328,"height":54,"caption":"Bilkent Philosophy"},"image":{"@id":"http:\/\/www.phil.bilkent.edu.tr\/#\/schema\/logo\/image\/"},"sameAs":["https:\/\/www.facebook.com\/bilkent.philosophy","https:\/\/x.com\/BilkentPhil","https:\/\/www.youtube.com\/channel\/UCzij4ZE6X-bu1d9t6DJhlLA"]},{"@type":"Person","@id":"http:\/\/www.phil.bilkent.edu.tr\/#\/schema\/person\/8e079ebaa58e5ee404f2460ae6c1517e","name":"Tufan Kiymaz","image":{"@type":"ImageObject","inLanguage":"en-US","@id":"https:\/\/secure.gravatar.com\/avatar\/e880df9bcbb2c04afb694d82f61ec625eb86a99c165131947ab98b9d67e57abc?s=96&d=mm&r=g","url":"https:\/\/secure.gravatar.com\/avatar\/e880df9bcbb2c04afb694d82f61ec625eb86a99c165131947ab98b9d67e57abc?s=96&d=mm&r=g","contentUrl":"https:\/\/secure.gravatar.com\/avatar\/e880df9bcbb2c04afb694d82f61ec625eb86a99c165131947ab98b9d67e57abc?s=96&d=mm&r=g","caption":"Tufan Kiymaz"},"url":"http:\/\/www.phil.bilkent.edu.tr\/index.php\/author\/tufankiymaz\/"}]}},"_links":{"self":[{"href":"http:\/\/www.phil.bilkent.edu.tr\/index.php\/wp-json\/wp\/v2\/posts\/5842","targetHints":{"allow":["GET"]}}],"collection":[{"href":"http:\/\/www.phil.bilkent.edu.tr\/index.php\/wp-json\/wp\/v2\/posts"}],"about":[{"href":"http:\/\/www.phil.bilkent.edu.tr\/index.php\/wp-json\/wp\/v2\/types\/post"}],"author":[{"embeddable":true,"href":"http:\/\/www.phil.bilkent.edu.tr\/index.php\/wp-json\/wp\/v2\/users\/4"}],"replies":[{"embeddable":true,"href":"http:\/\/www.phil.bilkent.edu.tr\/index.php\/wp-json\/wp\/v2\/comments?post=5842"}],"version-history":[{"count":24,"href":"http:\/\/www.phil.bilkent.edu.tr\/index.php\/wp-json\/wp\/v2\/posts\/5842\/revisions"}],"predecessor-version":[{"id":5965,"href":"http:\/\/www.phil.bilkent.edu.tr\/index.php\/wp-json\/wp\/v2\/posts\/5842\/revisions\/5965"}],"wp:featuredmedia":[{"embeddable":true,"href":"http:\/\/www.phil.bilkent.edu.tr\/index.php\/wp-json\/wp\/v2\/media\/5872"}],"wp:attachment":[{"href":"http:\/\/www.phil.bilkent.edu.tr\/index.php\/wp-json\/wp\/v2\/media?parent=5842"}],"wp:term":[{"taxonomy":"category","embeddable":true,"href":"http:\/\/www.phil.bilkent.edu.tr\/index.php\/wp-json\/wp\/v2\/categories?post=5842"},{"taxonomy":"post_tag","embeddable":true,"href":"http:\/\/www.phil.bilkent.edu.tr\/index.php\/wp-json\/wp\/v2\/tags?post=5842"}],"curies":[{"name":"wp","href":"https:\/\/api.w.org\/{rel}","templated":true}]}}