{"id":6581,"date":"2023-01-06T15:00:09","date_gmt":"2023-01-06T12:00:09","guid":{"rendered":"http:\/\/www.phil.bilkent.edu.tr\/?p=6581"},"modified":"2023-01-08T21:45:59","modified_gmt":"2023-01-08T18:45:59","slug":"2-bilkent-lykeion-lise-felsefe-konferansi","status":"publish","type":"post","link":"http:\/\/www.phil.bilkent.edu.tr\/index.php\/2023\/01\/06\/2-bilkent-lykeion-lise-felsefe-konferansi\/","title":{"rendered":"Bilkent \u00dcniversitesi 2. Lykeion Lise Felsefe Konferans\u0131"},"content":{"rendered":"<p><em>Konferans Platformu<\/em>: Zoom<img fetchpriority=\"high\" decoding=\"async\" class=\" wp-image-6588 alignright\" src=\"http:\/\/www.phil.bilkent.edu.tr\/wp-content\/uploads\/2022\/10\/8b9effb0-2b0d-4d13-93a5-7d284fa4bf6e-300x300.jpg\" alt=\"\" width=\"340\" height=\"340\" srcset=\"http:\/\/www.phil.bilkent.edu.tr\/wp-content\/uploads\/2022\/10\/8b9effb0-2b0d-4d13-93a5-7d284fa4bf6e-300x300.jpg 300w, http:\/\/www.phil.bilkent.edu.tr\/wp-content\/uploads\/2022\/10\/8b9effb0-2b0d-4d13-93a5-7d284fa4bf6e-1024x1024.jpg 1024w, http:\/\/www.phil.bilkent.edu.tr\/wp-content\/uploads\/2022\/10\/8b9effb0-2b0d-4d13-93a5-7d284fa4bf6e-150x150.jpg 150w, http:\/\/www.phil.bilkent.edu.tr\/wp-content\/uploads\/2022\/10\/8b9effb0-2b0d-4d13-93a5-7d284fa4bf6e-768x768.jpg 768w, http:\/\/www.phil.bilkent.edu.tr\/wp-content\/uploads\/2022\/10\/8b9effb0-2b0d-4d13-93a5-7d284fa4bf6e-30x30.jpg 30w, http:\/\/www.phil.bilkent.edu.tr\/wp-content\/uploads\/2022\/10\/8b9effb0-2b0d-4d13-93a5-7d284fa4bf6e.jpg 1080w\" sizes=\"(max-width: 340px) 100vw, 340px\" \/><\/p>\n<p><em>Konferans Tarihi<\/em>: 29 Ocak 2023 Pazar<\/p>\n<p>Konferansa izleyici olarak kat\u0131lmak i\u00e7in kay\u0131t olmak gerekmektedir. Kay\u0131t tamamland\u0131\u011f\u0131nda Zoom linki e-posta adresinize g\u00f6nderilecektir.<\/p>\n<p>Kay\u0131t olmak i\u00e7in&nbsp;<a href=\"https:\/\/zoom.us\/meeting\/register\/tJIudOuhrz8tGtBi-2iTq1T4FHuzCEgVDuZP\" target=\"_blank\" rel=\"noopener\"><em><strong>buraya<\/strong><\/em><\/a><em>&nbsp;<\/em>t\u0131klay\u0131n\u0131z.<\/p>\n<p>&nbsp;<\/p>\n<p>Bilkent \u00dcniversitesi Lykeion Lise Felsefe Konferans\u0131, <a href=\"https:\/\/www.instagram.com\/lykeion.felsefe\/\" target=\"_blank\" rel=\"noopener\">Lykeion Lise Felsefe Toplulu\u011fu<\/a> ve Bilkent \u00dcniversitesi Felsefe B\u00f6l\u00fcm\u00fc ortakl\u0131\u011f\u0131yla d\u00fczenlenmektedir. Akademik konferans uzla\u015f\u0131mlar\u0131na uygun olarak, konferans\u0131m\u0131za ba\u015fvurular orta \u00f6\u011fretim kurumlar\u0131 ya da \u00f6\u011fretmenler arac\u0131l\u0131\u011f\u0131yla de\u011fil, konu\u015fmac\u0131 olmak isteyen \u00f6\u011frenciler taraf\u0131ndan bireysel olarak yap\u0131lmaktad\u0131r. Konferans s\u0131ras\u0131nda g\u00f6rev yapacak oturum ba\u015fkanlar\u0131n\u0131n tamam\u0131 ve d\u00fczenleme kurulu \u00fcyelerinin \u00e7o\u011fu lise \u00f6\u011frencisidir.<\/p>\n<p>Bu konferans\u0131, \u201cfelsefe \u00f6\u011frenmenin en iyi yolu felsefe yapmakt\u0131r\u201d anlay\u0131\u015f\u0131yla, felsefeyle ilgilenen ya da merak duyan lise \u00f6\u011frencilerinin fikirlerini \u00f6zg\u00fcr, ak\u0131lc\u0131, akademik bir ortamda payla\u015fmas\u0131n\u0131 sa\u011flamak, ele\u015ftirel d\u00fc\u015f\u00fcnme ve tart\u0131\u015fma becerilerini geli\u015ftirmek, felsefi g\u00f6r\u00fc\u015f olu\u015fturmalar\u0131na yard\u0131mc\u0131 olmak, ayr\u0131ca felsefi konularda entelekt\u00fcel tatmin ve merak olu\u015fturmak amac\u0131yla d\u00fczenliyoruz.<\/p>\n<p>&nbsp;<\/p>\n<p><strong>Konferans Program\u0131:<\/strong><\/p>\n<p><i>\u0130ndirilebilir konferans program\u0131 i\u00e7in <a href=\"http:\/\/www.phil.bilkent.edu.tr\/wp-content\/uploads\/2023\/01\/2023-Konferans-Programi.pdf\" target=\"_blank\" rel=\"noopener\"><strong>buraya<\/strong><\/a> t\u0131klay\u0131n\u0131z.<\/i><\/p>\n<p>14:00 &#8211; 14:10&nbsp; &nbsp;A\u00e7\u0131l\u0131\u015f Konu\u015fmas\u0131<\/p>\n<ul>\n<li style=\"list-style-type: none;\">\n<ul>\n<li style=\"list-style-type: none;\">\n<ul>\n<li><strong>Dr. Tufan K\u0131ymaz <\/strong><\/li>\n<li><em>Bilkent \u00dcniversitesi Felsefe B\u00f6l\u00fcm\u00fc<\/em><\/li>\n<\/ul>\n<\/li>\n<\/ul>\n<\/li>\n<\/ul>\n<p>14:10 &#8211; 14:50&nbsp; Birinci Oturum<\/p>\n<p><strong>&nbsp;&nbsp;&nbsp;&nbsp;&nbsp;&nbsp;&nbsp;&nbsp;&nbsp;&nbsp;&nbsp;&nbsp;&nbsp;&nbsp;&nbsp;&nbsp;&nbsp;&nbsp;&nbsp;&nbsp;&nbsp;&nbsp;&nbsp; <\/strong>\u201c\u0130nsan Do\u011fas\u0131 Gere\u011fi Bencil Midir?\u201d<\/p>\n<ul>\n<li style=\"list-style-type: none;\">\n<ul>\n<li style=\"list-style-type: none;\">\n<ul>\n<li><strong>&nbsp;Gizem Dereli&nbsp;&nbsp; <\/strong><\/li>\n<li><em>\u00d6vg\u00fc Terziba\u015f\u0131o\u011flu Anadolu Lisesi, \u0130zmir, 11. S\u0131n\u0131f&nbsp;&nbsp;&nbsp;&nbsp;&nbsp;&nbsp; <\/em><\/li>\n<\/ul>\n<\/li>\n<\/ul>\n<\/li>\n<\/ul>\n<ul>\n<li style=\"list-style-type: none;\">\n<ul>\n<li style=\"list-style-type: none;\">\n<ul>\n<li><strong>Mert Akarca&nbsp;&nbsp;&nbsp;&nbsp; <\/strong><\/li>\n<li><em>Etimesgut Bilim ve Sanat Merkezi, Ankara, 9. S\u0131n\u0131f<\/em><\/li>\n<\/ul>\n<\/li>\n<\/ul>\n<\/li>\n<\/ul>\n<p>15:00 &#8211; 15:40&nbsp; \u0130kinci Oturum<\/p>\n<p>&nbsp;&nbsp;&nbsp;&nbsp;&nbsp;&nbsp;&nbsp;&nbsp;&nbsp;&nbsp;&nbsp;&nbsp;&nbsp;&nbsp;&nbsp;&nbsp;&nbsp;&nbsp;&nbsp;&nbsp;&nbsp;&nbsp;&nbsp; \u201cYa\u015fam Hakk\u0131 Hi\u00e7bir Ko\u015fulda \u0130hlal Edilmemesi Gereken Bir Hak M\u0131d\u0131r?\u201d<\/p>\n<ul>\n<li style=\"list-style-type: none;\">\n<ul>\n<li style=\"list-style-type: none;\">\n<ul>\n<li><strong>\u0130smihan \u015eenel<\/strong><\/li>\n<li><em>G\u00fcng\u00f6ren Erdem Bayaz\u0131t Anadolu Lisesi, \u0130stanbul, 12. S\u0131n\u0131f&nbsp;&nbsp;&nbsp;&nbsp;&nbsp;&nbsp;&nbsp; <\/em><\/li>\n<\/ul>\n<\/li>\n<\/ul>\n<\/li>\n<\/ul>\n<ul>\n<li style=\"list-style-type: none;\">\n<ul>\n<li style=\"list-style-type: none;\">\n<ul>\n<li><strong>Hazal O\u011fuz, Cemre \u015eenol, Duru Karakurt<\/strong><\/li>\n<li><em>\u00d6zel Denge Anadolu Lisesi, Ankara, 11. S\u0131n\u0131f<\/em><\/li>\n<\/ul>\n<\/li>\n<\/ul>\n<\/li>\n<\/ul>\n<p>15:50 &#8211; 16:40&nbsp; \u00dc\u00e7\u00fcnc\u00fc oturum<\/p>\n<p>&nbsp;&nbsp;&nbsp;&nbsp;&nbsp;&nbsp;&nbsp;&nbsp;&nbsp;&nbsp;&nbsp; &nbsp;&nbsp;&nbsp;&nbsp;&nbsp;&nbsp;&nbsp;&nbsp;&nbsp;&nbsp;&nbsp; \u201cYapay Zeka Sanat\u00e7\u0131 Olabilir Mi?\u201d<\/p>\n<ul>\n<li style=\"list-style-type: none;\">\n<ul>\n<li style=\"list-style-type: none;\">\n<ul>\n<li><strong>Irmak Kesen&nbsp;&nbsp;&nbsp; <\/strong><\/li>\n<li><em>Cihat Kara Anadolu Lisesi, \u0130zmir, 11. S\u0131n\u0131f&nbsp;&nbsp;&nbsp; <\/em><\/li>\n<\/ul>\n<\/li>\n<\/ul>\n<\/li>\n<\/ul>\n<ul>\n<li style=\"list-style-type: none;\">\n<ul>\n<li style=\"list-style-type: none;\">\n<ul>\n<li><strong>Kerem Yi\u011fit K\u00fc\u00e7\u00fckkale&nbsp;&nbsp;&nbsp;&nbsp;&nbsp;&nbsp;&nbsp;&nbsp;&nbsp;&nbsp;&nbsp; <\/strong><\/li>\n<li><em>\u00d6zel Kemerburgaz Bah\u00e7e\u015fehir Fen ve Teknoloji Lisesi, \u0130stanbul, 10. S\u0131n\u0131f&nbsp;&nbsp;&nbsp;&nbsp; <\/em><\/li>\n<\/ul>\n<\/li>\n<\/ul>\n<\/li>\n<\/ul>\n<ul>\n<li style=\"list-style-type: none;\">\n<ul>\n<li style=\"list-style-type: none;\">\n<ul>\n<li><strong>Kumsal Deniz \u00c7aylak<\/strong><\/li>\n<li><em>I\u015f\u0131kkent E\u011fitim Kamp\u00fcs\u00fc, \u0130zmir, 11. S\u0131n\u0131f<\/em><\/li>\n<\/ul>\n<\/li>\n<\/ul>\n<\/li>\n<\/ul>\n<p>16:40 &#8211; 17:00&nbsp; Kapan\u0131\u015f konu\u015fmas\u0131<\/p>\n<ul>\n<li style=\"list-style-type: none;\">\n<ul>\n<li style=\"list-style-type: none;\">\n<ul>\n<li><strong>Dr. Tufan K\u0131ymaz <\/strong><\/li>\n<li><em>Bilkent \u00dcniversitesi Felsefe B\u00f6l\u00fcm\u00fc<\/em><\/li>\n<\/ul>\n<\/li>\n<\/ul>\n<\/li>\n<\/ul>\n<p>&nbsp;<\/p>\n<p>Sorular\u0131n\u0131z i\u00e7in: <a href=\"mailto:lykeion@bilkent.edu.tr\">lykeion@bilkent.edu.tr<\/a><\/p>\n<hr>\n<p>&nbsp;<\/p>\n<p><strong>\u00d6zet \u00c7a\u011fr\u0131s\u0131:<\/strong>&nbsp;(<em>KAPANDI<\/em>)<\/p>\n<p>Haz\u0131rl\u0131k s\u0131n\u0131f\u0131ndan 12. s\u0131n\u0131fa kadar, her okuldan t\u00fcm lise \u00f6\u011frencileri bu konferansta konu\u015fmac\u0131 olarak yer almak i\u00e7in ba\u015fvurabilir.<\/p>\n<p>Konferansta, her konu\u015fmac\u0131n\u0131n PowerPoint sunumu ya da benzer g\u00f6rsellerle desteklenen 10-15 dakikal\u0131k sunumunun ard\u0131ndan soru-cevap ve tart\u0131\u015fma k\u0131sm\u0131 olacakt\u0131r.<\/p>\n<p>Bir sunumu birden fazla \u00f6\u011frencinin ortakla\u015fa yapmas\u0131 da m\u00fcmk\u00fcnd\u00fcr. E\u011fer sunumu birden fazla ki\u015fi olarak yapmay\u0131 tercih ediyorsan\u0131z ba\u015fvurunuz s\u0131ras\u0131nda bunu belirtmeniz gerekmektedir.<\/p>\n<p><strong><em>Ba\u015fvuru s\u00fcreci:<\/em><\/strong><\/p>\n<p>Sunum yapmak isteyen \u00f6\u011frencilerin a\u015fa\u011f\u0131da belirtilen sorulardan birini se\u00e7erek cevaplamalar\u0131 ve cevaplar\u0131n\u0131 destekleyici arg\u00fcmanlar\u0131n\u0131 ortaya koyarak a\u00e7\u0131klamalar\u0131 gerekmektedir.<\/p>\n<p>1- Ama\u00e7lar her zaman ara\u00e7lar\u0131 m\u00fcbah k\u0131lar m\u0131?<\/p>\n<p>2- \u0130nsan, do\u011fas\u0131 gere\u011fi bencil midir?<\/p>\n<p>3- Et yemek ahlaken yanl\u0131\u015f m\u0131d\u0131r?<\/p>\n<p>4- Yapay zeka sanat\u00e7\u0131 olabilir mi?<\/p>\n<p>5- Gelecekte robotlar da insanlar gibi ak\u0131l ve his sahibi bilin\u00e7li varl\u0131klar olacaklar m\u0131?<\/p>\n<p>6- Gelecekte &#8220;robot haklar\u0131&#8221; olacak m\u0131?<\/p>\n<p>7- Stephen Hawking &#8220;Felsefe \u00f6ld\u00fc&#8221; derken hakl\u0131 m\u0131yd\u0131?<\/p>\n<p>8- Zenon\u2019un a\u015fil ve kaplumba\u011fa paradoksu hareketin m\u00fcmk\u00fcn olmad\u0131\u011f\u0131n\u0131 kan\u0131tlar m\u0131?<\/p>\n<p>9- Ya\u015fam hakk\u0131 hi\u00e7bir ko\u015ful alt\u0131nda ihlal edilmemesi gereken bir hak m\u0131d\u0131r?<\/p>\n<p>10- Bireyin gelece\u011finin etkilenece\u011fini durumlarda etik de\u011ferlere ba\u011fl\u0131 kalmas\u0131 gerekli midir?<\/p>\n<p>Yukar\u0131da s\u0131ralananlar d\u0131\u015f\u0131ndaki bir felsefi soru \u00fczerine olan \u00e7al\u0131\u015fman\u0131zla da konferansa ba\u015fvurabilirsiniz, fakat bu kabul \u015fans\u0131n\u0131z\u0131 azaltacakt\u0131r. Yukar\u0131daki sorular d\u0131\u015f\u0131ndaki ba\u015fvurular sadece istisnai durumlarda kabul edilir.<\/p>\n<p>Yapmak istedi\u011finiz sunumun \u00f6zetini 300-500 kelimelik bir metin veya maksimum be\u015f dakikal\u0131k bir video olarak&nbsp;<em>1<\/em><em>1<\/em> <em>Aral\u0131k<\/em><em> 202<\/em><em>2<\/em><em> P<\/em><em>azar<\/em><em>&nbsp;<\/em>g\u00fcn\u00fc 23:59\u2019a kadar lykeion@bilkent.edu.tr e-posta adresine g\u00f6nderebilirsiniz.<\/p>\n<p>\u00d6rnek olarak, ge\u00e7en sene yap\u0131lan sunumlardan birini \u015furadan izleyebilirsiniz:<\/p>\n<p><a href=\"https:\/\/youtu.be\/j-jR5buGXdk\">https:\/\/youtu.be\/j-jR5buGXdk<\/a><\/p>\n<p>Konferansta sunum yapmaya hak kazanan \u00f6\u011frenciler 21 Aral\u0131k 2022 tarihinde a\u00e7\u0131klanacakt\u0131r.<\/p>\n<p><strong><em>Sunum ve Yay\u0131n S\u00fcreci:<\/em><\/strong><\/p>\n<p>Konferansta sunumlar Zoom program\u0131 kullan\u0131larak online olarak yap\u0131lacakt\u0131r. Konferans sonras\u0131nda d\u00fczenleme kurulu taraf\u0131ndan se\u00e7ilen baz\u0131 sunumlar, konu\u015fmac\u0131n\u0131n izni dahilinde \u201cLykeion Felsefe\u201d YouTube kanal\u0131nda yay\u0131nlanacakt\u0131r. Ayr\u0131ca, baz\u0131 sunumlar\u0131n d\u00fczeltilmi\u015f metninin, konu\u015fmac\u0131lar\u0131n iste\u011fi do\u011frultusunda, Bilkent \u00dcniversitesi Lisans Felsefe Dergisi&nbsp;<em>Prokopton<\/em>\u2019da (<a href=\"https:\/\/prokopton.bilkent.edu.tr\/\">prokopton.bilkent.edu.tr<\/a>) yay\u0131mlanma imkan\u0131 vard\u0131r. Yay\u0131na dair son karar Prokopton yaz\u0131 i\u015fleri kuruluna aittir.<\/p>\n<p>Koferans program\u0131, dinleyici olarak kat\u0131lmak isteyenler i\u00e7in kay\u0131t bilgileri ve konferansa dair di\u011fer geli\u015fmeler bu web sayfas\u0131nda, Bilkent Felsefe Twitter hesab\u0131nda (<a href=\"https:\/\/twitter.com\/BilkentPhil\">twitter.com\/BilkentPhil<\/a>) ve Lykeion.felsefe Instagram sayfas\u0131nda (<a href=\"https:\/\/www.instagram.com\/lykeion.felsefe\/\">instagram.com\/lykeion.felsefe<\/a>) duyurulacakt\u0131r.<\/p>\n<p>Konferans ve ba\u015fvuru s\u00fcrecine dair sorular\u0131n\u0131z i\u00e7in:&nbsp;<a href=\"mailto:lykeion@bilkent.edu.tr\">lykeion@bilkent.edu.tr<\/a><\/p>\n<p><img decoding=\"async\" class=\"alignleft wp-image-5847\" src=\"http:\/\/www.phil.bilkent.edu.tr\/wp-content\/uploads\/2021\/10\/Eix4TDAWAAABYIK-300x145.jpg\" alt=\"\" width=\"646\" height=\"312\" srcset=\"http:\/\/www.phil.bilkent.edu.tr\/wp-content\/uploads\/2021\/10\/Eix4TDAWAAABYIK-300x145.jpg 300w, http:\/\/www.phil.bilkent.edu.tr\/wp-content\/uploads\/2021\/10\/Eix4TDAWAAABYIK-1024x495.jpg 1024w, http:\/\/www.phil.bilkent.edu.tr\/wp-content\/uploads\/2021\/10\/Eix4TDAWAAABYIK-768x371.jpg 768w, http:\/\/www.phil.bilkent.edu.tr\/wp-content\/uploads\/2021\/10\/Eix4TDAWAAABYIK.jpg 1443w\" sizes=\"(max-width: 646px) 100vw, 646px\" \/><\/p>\n","protected":false},"excerpt":{"rendered":"<p>Konferans Platformu: Zoom Konferans Tarihi: 29 Ocak 2023 Pazar Konferansa izleyici olarak kat\u0131lmak i\u00e7in kay\u0131t olmak gerekmektedir. Kay\u0131t tamamland\u0131\u011f\u0131nda Zoom linki e-posta adresinize g\u00f6nderilecektir. Kay\u0131t olmak i\u00e7in&nbsp;buraya&nbsp;t\u0131klay\u0131n\u0131z. &nbsp; Bilkent \u00dcniversitesi [&hellip;]<\/p>\n","protected":false},"author":4,"featured_media":6582,"comment_status":"closed","ping_status":"closed","sticky":false,"template":"","format":"standard","meta":{"inline_featured_image":false,"_monsterinsights_skip_tracking":false,"_monsterinsights_sitenote_active":false,"_monsterinsights_sitenote_note":"","_monsterinsights_sitenote_category":0,"ngg_post_thumbnail":0,"footnotes":""},"categories":[8,22],"tags":[],"class_list":["post-6581","post","type-post","status-publish","format-standard","has-post-thumbnail","hentry","category-featured","category-student-conferences"],"yoast_head":"<!-- This site is optimized with the Yoast SEO plugin v27.4 - https:\/\/yoast.com\/product\/yoast-seo-wordpress\/ -->\n<title>Bilkent \u00dcniversitesi 2. Lykeion Lise Felsefe Konferans\u0131 - Bilkent Philosophy<\/title>\n<meta name=\"robots\" content=\"index, follow, max-snippet:-1, max-image-preview:large, max-video-preview:-1\" \/>\n<link rel=\"canonical\" href=\"http:\/\/www.phil.bilkent.edu.tr\/index.php\/2023\/01\/06\/2-bilkent-lykeion-lise-felsefe-konferansi\/\" \/>\n<meta property=\"og:locale\" content=\"en_US\" \/>\n<meta property=\"og:type\" content=\"article\" \/>\n<meta property=\"og:title\" content=\"Bilkent \u00dcniversitesi 2. Lykeion Lise Felsefe Konferans\u0131 - Bilkent Philosophy\" \/>\n<meta property=\"og:description\" content=\"Konferans Platformu: Zoom Konferans Tarihi: 29 Ocak 2023 Pazar Konferansa izleyici olarak kat\u0131lmak i\u00e7in kay\u0131t olmak gerekmektedir. Kay\u0131t tamamland\u0131\u011f\u0131nda Zoom linki e-posta adresinize g\u00f6nderilecektir. Kay\u0131t olmak i\u00e7in&nbsp;buraya&nbsp;t\u0131klay\u0131n\u0131z. &nbsp; Bilkent \u00dcniversitesi [&hellip;]\" \/>\n<meta property=\"og:url\" content=\"http:\/\/www.phil.bilkent.edu.tr\/index.php\/2023\/01\/06\/2-bilkent-lykeion-lise-felsefe-konferansi\/\" \/>\n<meta property=\"og:site_name\" content=\"Bilkent Philosophy\" \/>\n<meta property=\"article:publisher\" content=\"https:\/\/www.facebook.com\/bilkent.philosophy\" \/>\n<meta property=\"article:published_time\" content=\"2023-01-06T12:00:09+00:00\" \/>\n<meta property=\"article:modified_time\" content=\"2023-01-08T18:45:59+00:00\" \/>\n<meta property=\"og:image\" content=\"http:\/\/www.phil.bilkent.edu.tr\/wp-content\/uploads\/2022\/10\/lyk-3.png\" \/>\n\t<meta property=\"og:image:width\" content=\"700\" \/>\n\t<meta property=\"og:image:height\" content=\"300\" \/>\n\t<meta property=\"og:image:type\" content=\"image\/png\" \/>\n<meta name=\"author\" content=\"Tufan Kiymaz\" \/>\n<meta name=\"twitter:card\" content=\"summary_large_image\" \/>\n<meta name=\"twitter:creator\" content=\"@BilkentPhil\" \/>\n<meta name=\"twitter:site\" content=\"@BilkentPhil\" \/>\n<meta name=\"twitter:label1\" content=\"Written by\" \/>\n\t<meta name=\"twitter:data1\" content=\"Tufan Kiymaz\" \/>\n\t<meta name=\"twitter:label2\" content=\"Est. reading time\" \/>\n\t<meta name=\"twitter:data2\" content=\"5 minutes\" \/>\n<script type=\"application\/ld+json\" class=\"yoast-schema-graph\">{\"@context\":\"https:\\\/\\\/schema.org\",\"@graph\":[{\"@type\":\"Article\",\"@id\":\"http:\\\/\\\/www.phil.bilkent.edu.tr\\\/index.php\\\/2023\\\/01\\\/06\\\/2-bilkent-lykeion-lise-felsefe-konferansi\\\/#article\",\"isPartOf\":{\"@id\":\"http:\\\/\\\/www.phil.bilkent.edu.tr\\\/index.php\\\/2023\\\/01\\\/06\\\/2-bilkent-lykeion-lise-felsefe-konferansi\\\/\"},\"author\":{\"name\":\"Tufan Kiymaz\",\"@id\":\"http:\\\/\\\/www.phil.bilkent.edu.tr\\\/#\\\/schema\\\/person\\\/8e079ebaa58e5ee404f2460ae6c1517e\"},\"headline\":\"Bilkent \u00dcniversitesi 2. Lykeion Lise Felsefe Konferans\u0131\",\"datePublished\":\"2023-01-06T12:00:09+00:00\",\"dateModified\":\"2023-01-08T18:45:59+00:00\",\"mainEntityOfPage\":{\"@id\":\"http:\\\/\\\/www.phil.bilkent.edu.tr\\\/index.php\\\/2023\\\/01\\\/06\\\/2-bilkent-lykeion-lise-felsefe-konferansi\\\/\"},\"wordCount\":979,\"publisher\":{\"@id\":\"http:\\\/\\\/www.phil.bilkent.edu.tr\\\/#organization\"},\"image\":{\"@id\":\"http:\\\/\\\/www.phil.bilkent.edu.tr\\\/index.php\\\/2023\\\/01\\\/06\\\/2-bilkent-lykeion-lise-felsefe-konferansi\\\/#primaryimage\"},\"thumbnailUrl\":\"http:\\\/\\\/www.phil.bilkent.edu.tr\\\/wp-content\\\/uploads\\\/2022\\\/10\\\/lyk-3.png\",\"articleSection\":[\"Featured\",\"Student Conferences\"],\"inLanguage\":\"en-US\"},{\"@type\":\"WebPage\",\"@id\":\"http:\\\/\\\/www.phil.bilkent.edu.tr\\\/index.php\\\/2023\\\/01\\\/06\\\/2-bilkent-lykeion-lise-felsefe-konferansi\\\/\",\"url\":\"http:\\\/\\\/www.phil.bilkent.edu.tr\\\/index.php\\\/2023\\\/01\\\/06\\\/2-bilkent-lykeion-lise-felsefe-konferansi\\\/\",\"name\":\"Bilkent \u00dcniversitesi 2. Lykeion Lise Felsefe Konferans\u0131 - Bilkent Philosophy\",\"isPartOf\":{\"@id\":\"http:\\\/\\\/www.phil.bilkent.edu.tr\\\/#website\"},\"primaryImageOfPage\":{\"@id\":\"http:\\\/\\\/www.phil.bilkent.edu.tr\\\/index.php\\\/2023\\\/01\\\/06\\\/2-bilkent-lykeion-lise-felsefe-konferansi\\\/#primaryimage\"},\"image\":{\"@id\":\"http:\\\/\\\/www.phil.bilkent.edu.tr\\\/index.php\\\/2023\\\/01\\\/06\\\/2-bilkent-lykeion-lise-felsefe-konferansi\\\/#primaryimage\"},\"thumbnailUrl\":\"http:\\\/\\\/www.phil.bilkent.edu.tr\\\/wp-content\\\/uploads\\\/2022\\\/10\\\/lyk-3.png\",\"datePublished\":\"2023-01-06T12:00:09+00:00\",\"dateModified\":\"2023-01-08T18:45:59+00:00\",\"breadcrumb\":{\"@id\":\"http:\\\/\\\/www.phil.bilkent.edu.tr\\\/index.php\\\/2023\\\/01\\\/06\\\/2-bilkent-lykeion-lise-felsefe-konferansi\\\/#breadcrumb\"},\"inLanguage\":\"en-US\",\"potentialAction\":[{\"@type\":\"ReadAction\",\"target\":[\"http:\\\/\\\/www.phil.bilkent.edu.tr\\\/index.php\\\/2023\\\/01\\\/06\\\/2-bilkent-lykeion-lise-felsefe-konferansi\\\/\"]}]},{\"@type\":\"ImageObject\",\"inLanguage\":\"en-US\",\"@id\":\"http:\\\/\\\/www.phil.bilkent.edu.tr\\\/index.php\\\/2023\\\/01\\\/06\\\/2-bilkent-lykeion-lise-felsefe-konferansi\\\/#primaryimage\",\"url\":\"http:\\\/\\\/www.phil.bilkent.edu.tr\\\/wp-content\\\/uploads\\\/2022\\\/10\\\/lyk-3.png\",\"contentUrl\":\"http:\\\/\\\/www.phil.bilkent.edu.tr\\\/wp-content\\\/uploads\\\/2022\\\/10\\\/lyk-3.png\",\"width\":700,\"height\":300},{\"@type\":\"BreadcrumbList\",\"@id\":\"http:\\\/\\\/www.phil.bilkent.edu.tr\\\/index.php\\\/2023\\\/01\\\/06\\\/2-bilkent-lykeion-lise-felsefe-konferansi\\\/#breadcrumb\",\"itemListElement\":[{\"@type\":\"ListItem\",\"position\":1,\"name\":\"Home\",\"item\":\"http:\\\/\\\/www.phil.bilkent.edu.tr\\\/\"},{\"@type\":\"ListItem\",\"position\":2,\"name\":\"Bilkent \u00dcniversitesi 2. Lykeion Lise Felsefe Konferans\u0131\"}]},{\"@type\":\"WebSite\",\"@id\":\"http:\\\/\\\/www.phil.bilkent.edu.tr\\\/#website\",\"url\":\"http:\\\/\\\/www.phil.bilkent.edu.tr\\\/\",\"name\":\"Bilkent Philosophy\",\"description\":\"Bilkent University\",\"publisher\":{\"@id\":\"http:\\\/\\\/www.phil.bilkent.edu.tr\\\/#organization\"},\"potentialAction\":[{\"@type\":\"SearchAction\",\"target\":{\"@type\":\"EntryPoint\",\"urlTemplate\":\"http:\\\/\\\/www.phil.bilkent.edu.tr\\\/?s={search_term_string}\"},\"query-input\":{\"@type\":\"PropertyValueSpecification\",\"valueRequired\":true,\"valueName\":\"search_term_string\"}}],\"inLanguage\":\"en-US\"},{\"@type\":\"Organization\",\"@id\":\"http:\\\/\\\/www.phil.bilkent.edu.tr\\\/#organization\",\"name\":\"Bilkent Philosophy\",\"url\":\"http:\\\/\\\/www.phil.bilkent.edu.tr\\\/\",\"logo\":{\"@type\":\"ImageObject\",\"inLanguage\":\"en-US\",\"@id\":\"http:\\\/\\\/www.phil.bilkent.edu.tr\\\/#\\\/schema\\\/logo\\\/image\\\/\",\"url\":\"http:\\\/\\\/www.phil.bilkent.edu.tr\\\/wp-content\\\/uploads\\\/2016\\\/10\\\/Bilkent-phil_logo.png\",\"contentUrl\":\"http:\\\/\\\/www.phil.bilkent.edu.tr\\\/wp-content\\\/uploads\\\/2016\\\/10\\\/Bilkent-phil_logo.png\",\"width\":328,\"height\":54,\"caption\":\"Bilkent Philosophy\"},\"image\":{\"@id\":\"http:\\\/\\\/www.phil.bilkent.edu.tr\\\/#\\\/schema\\\/logo\\\/image\\\/\"},\"sameAs\":[\"https:\\\/\\\/www.facebook.com\\\/bilkent.philosophy\",\"https:\\\/\\\/x.com\\\/BilkentPhil\",\"https:\\\/\\\/www.youtube.com\\\/channel\\\/UCzij4ZE6X-bu1d9t6DJhlLA\"]},{\"@type\":\"Person\",\"@id\":\"http:\\\/\\\/www.phil.bilkent.edu.tr\\\/#\\\/schema\\\/person\\\/8e079ebaa58e5ee404f2460ae6c1517e\",\"name\":\"Tufan Kiymaz\",\"image\":{\"@type\":\"ImageObject\",\"inLanguage\":\"en-US\",\"@id\":\"https:\\\/\\\/secure.gravatar.com\\\/avatar\\\/e880df9bcbb2c04afb694d82f61ec625eb86a99c165131947ab98b9d67e57abc?s=96&d=mm&r=g\",\"url\":\"https:\\\/\\\/secure.gravatar.com\\\/avatar\\\/e880df9bcbb2c04afb694d82f61ec625eb86a99c165131947ab98b9d67e57abc?s=96&d=mm&r=g\",\"contentUrl\":\"https:\\\/\\\/secure.gravatar.com\\\/avatar\\\/e880df9bcbb2c04afb694d82f61ec625eb86a99c165131947ab98b9d67e57abc?s=96&d=mm&r=g\",\"caption\":\"Tufan Kiymaz\"},\"url\":\"http:\\\/\\\/www.phil.bilkent.edu.tr\\\/index.php\\\/author\\\/tufankiymaz\\\/\"}]}<\/script>\n<!-- \/ Yoast SEO plugin. -->","yoast_head_json":{"title":"Bilkent \u00dcniversitesi 2. Lykeion Lise Felsefe Konferans\u0131 - Bilkent Philosophy","robots":{"index":"index","follow":"follow","max-snippet":"max-snippet:-1","max-image-preview":"max-image-preview:large","max-video-preview":"max-video-preview:-1"},"canonical":"http:\/\/www.phil.bilkent.edu.tr\/index.php\/2023\/01\/06\/2-bilkent-lykeion-lise-felsefe-konferansi\/","og_locale":"en_US","og_type":"article","og_title":"Bilkent \u00dcniversitesi 2. Lykeion Lise Felsefe Konferans\u0131 - Bilkent Philosophy","og_description":"Konferans Platformu: Zoom Konferans Tarihi: 29 Ocak 2023 Pazar Konferansa izleyici olarak kat\u0131lmak i\u00e7in kay\u0131t olmak gerekmektedir. Kay\u0131t tamamland\u0131\u011f\u0131nda Zoom linki e-posta adresinize g\u00f6nderilecektir. Kay\u0131t olmak i\u00e7in&nbsp;buraya&nbsp;t\u0131klay\u0131n\u0131z. &nbsp; Bilkent \u00dcniversitesi [&hellip;]","og_url":"http:\/\/www.phil.bilkent.edu.tr\/index.php\/2023\/01\/06\/2-bilkent-lykeion-lise-felsefe-konferansi\/","og_site_name":"Bilkent Philosophy","article_publisher":"https:\/\/www.facebook.com\/bilkent.philosophy","article_published_time":"2023-01-06T12:00:09+00:00","article_modified_time":"2023-01-08T18:45:59+00:00","og_image":[{"width":700,"height":300,"url":"http:\/\/www.phil.bilkent.edu.tr\/wp-content\/uploads\/2022\/10\/lyk-3.png","type":"image\/png"}],"author":"Tufan Kiymaz","twitter_card":"summary_large_image","twitter_creator":"@BilkentPhil","twitter_site":"@BilkentPhil","twitter_misc":{"Written by":"Tufan Kiymaz","Est. reading time":"5 minutes"},"schema":{"@context":"https:\/\/schema.org","@graph":[{"@type":"Article","@id":"http:\/\/www.phil.bilkent.edu.tr\/index.php\/2023\/01\/06\/2-bilkent-lykeion-lise-felsefe-konferansi\/#article","isPartOf":{"@id":"http:\/\/www.phil.bilkent.edu.tr\/index.php\/2023\/01\/06\/2-bilkent-lykeion-lise-felsefe-konferansi\/"},"author":{"name":"Tufan Kiymaz","@id":"http:\/\/www.phil.bilkent.edu.tr\/#\/schema\/person\/8e079ebaa58e5ee404f2460ae6c1517e"},"headline":"Bilkent \u00dcniversitesi 2. Lykeion Lise Felsefe Konferans\u0131","datePublished":"2023-01-06T12:00:09+00:00","dateModified":"2023-01-08T18:45:59+00:00","mainEntityOfPage":{"@id":"http:\/\/www.phil.bilkent.edu.tr\/index.php\/2023\/01\/06\/2-bilkent-lykeion-lise-felsefe-konferansi\/"},"wordCount":979,"publisher":{"@id":"http:\/\/www.phil.bilkent.edu.tr\/#organization"},"image":{"@id":"http:\/\/www.phil.bilkent.edu.tr\/index.php\/2023\/01\/06\/2-bilkent-lykeion-lise-felsefe-konferansi\/#primaryimage"},"thumbnailUrl":"http:\/\/www.phil.bilkent.edu.tr\/wp-content\/uploads\/2022\/10\/lyk-3.png","articleSection":["Featured","Student Conferences"],"inLanguage":"en-US"},{"@type":"WebPage","@id":"http:\/\/www.phil.bilkent.edu.tr\/index.php\/2023\/01\/06\/2-bilkent-lykeion-lise-felsefe-konferansi\/","url":"http:\/\/www.phil.bilkent.edu.tr\/index.php\/2023\/01\/06\/2-bilkent-lykeion-lise-felsefe-konferansi\/","name":"Bilkent \u00dcniversitesi 2. Lykeion Lise Felsefe Konferans\u0131 - Bilkent Philosophy","isPartOf":{"@id":"http:\/\/www.phil.bilkent.edu.tr\/#website"},"primaryImageOfPage":{"@id":"http:\/\/www.phil.bilkent.edu.tr\/index.php\/2023\/01\/06\/2-bilkent-lykeion-lise-felsefe-konferansi\/#primaryimage"},"image":{"@id":"http:\/\/www.phil.bilkent.edu.tr\/index.php\/2023\/01\/06\/2-bilkent-lykeion-lise-felsefe-konferansi\/#primaryimage"},"thumbnailUrl":"http:\/\/www.phil.bilkent.edu.tr\/wp-content\/uploads\/2022\/10\/lyk-3.png","datePublished":"2023-01-06T12:00:09+00:00","dateModified":"2023-01-08T18:45:59+00:00","breadcrumb":{"@id":"http:\/\/www.phil.bilkent.edu.tr\/index.php\/2023\/01\/06\/2-bilkent-lykeion-lise-felsefe-konferansi\/#breadcrumb"},"inLanguage":"en-US","potentialAction":[{"@type":"ReadAction","target":["http:\/\/www.phil.bilkent.edu.tr\/index.php\/2023\/01\/06\/2-bilkent-lykeion-lise-felsefe-konferansi\/"]}]},{"@type":"ImageObject","inLanguage":"en-US","@id":"http:\/\/www.phil.bilkent.edu.tr\/index.php\/2023\/01\/06\/2-bilkent-lykeion-lise-felsefe-konferansi\/#primaryimage","url":"http:\/\/www.phil.bilkent.edu.tr\/wp-content\/uploads\/2022\/10\/lyk-3.png","contentUrl":"http:\/\/www.phil.bilkent.edu.tr\/wp-content\/uploads\/2022\/10\/lyk-3.png","width":700,"height":300},{"@type":"BreadcrumbList","@id":"http:\/\/www.phil.bilkent.edu.tr\/index.php\/2023\/01\/06\/2-bilkent-lykeion-lise-felsefe-konferansi\/#breadcrumb","itemListElement":[{"@type":"ListItem","position":1,"name":"Home","item":"http:\/\/www.phil.bilkent.edu.tr\/"},{"@type":"ListItem","position":2,"name":"Bilkent \u00dcniversitesi 2. Lykeion Lise Felsefe Konferans\u0131"}]},{"@type":"WebSite","@id":"http:\/\/www.phil.bilkent.edu.tr\/#website","url":"http:\/\/www.phil.bilkent.edu.tr\/","name":"Bilkent Philosophy","description":"Bilkent University","publisher":{"@id":"http:\/\/www.phil.bilkent.edu.tr\/#organization"},"potentialAction":[{"@type":"SearchAction","target":{"@type":"EntryPoint","urlTemplate":"http:\/\/www.phil.bilkent.edu.tr\/?s={search_term_string}"},"query-input":{"@type":"PropertyValueSpecification","valueRequired":true,"valueName":"search_term_string"}}],"inLanguage":"en-US"},{"@type":"Organization","@id":"http:\/\/www.phil.bilkent.edu.tr\/#organization","name":"Bilkent Philosophy","url":"http:\/\/www.phil.bilkent.edu.tr\/","logo":{"@type":"ImageObject","inLanguage":"en-US","@id":"http:\/\/www.phil.bilkent.edu.tr\/#\/schema\/logo\/image\/","url":"http:\/\/www.phil.bilkent.edu.tr\/wp-content\/uploads\/2016\/10\/Bilkent-phil_logo.png","contentUrl":"http:\/\/www.phil.bilkent.edu.tr\/wp-content\/uploads\/2016\/10\/Bilkent-phil_logo.png","width":328,"height":54,"caption":"Bilkent Philosophy"},"image":{"@id":"http:\/\/www.phil.bilkent.edu.tr\/#\/schema\/logo\/image\/"},"sameAs":["https:\/\/www.facebook.com\/bilkent.philosophy","https:\/\/x.com\/BilkentPhil","https:\/\/www.youtube.com\/channel\/UCzij4ZE6X-bu1d9t6DJhlLA"]},{"@type":"Person","@id":"http:\/\/www.phil.bilkent.edu.tr\/#\/schema\/person\/8e079ebaa58e5ee404f2460ae6c1517e","name":"Tufan Kiymaz","image":{"@type":"ImageObject","inLanguage":"en-US","@id":"https:\/\/secure.gravatar.com\/avatar\/e880df9bcbb2c04afb694d82f61ec625eb86a99c165131947ab98b9d67e57abc?s=96&d=mm&r=g","url":"https:\/\/secure.gravatar.com\/avatar\/e880df9bcbb2c04afb694d82f61ec625eb86a99c165131947ab98b9d67e57abc?s=96&d=mm&r=g","contentUrl":"https:\/\/secure.gravatar.com\/avatar\/e880df9bcbb2c04afb694d82f61ec625eb86a99c165131947ab98b9d67e57abc?s=96&d=mm&r=g","caption":"Tufan Kiymaz"},"url":"http:\/\/www.phil.bilkent.edu.tr\/index.php\/author\/tufankiymaz\/"}]}},"_links":{"self":[{"href":"http:\/\/www.phil.bilkent.edu.tr\/index.php\/wp-json\/wp\/v2\/posts\/6581","targetHints":{"allow":["GET"]}}],"collection":[{"href":"http:\/\/www.phil.bilkent.edu.tr\/index.php\/wp-json\/wp\/v2\/posts"}],"about":[{"href":"http:\/\/www.phil.bilkent.edu.tr\/index.php\/wp-json\/wp\/v2\/types\/post"}],"author":[{"embeddable":true,"href":"http:\/\/www.phil.bilkent.edu.tr\/index.php\/wp-json\/wp\/v2\/users\/4"}],"replies":[{"embeddable":true,"href":"http:\/\/www.phil.bilkent.edu.tr\/index.php\/wp-json\/wp\/v2\/comments?post=6581"}],"version-history":[{"count":9,"href":"http:\/\/www.phil.bilkent.edu.tr\/index.php\/wp-json\/wp\/v2\/posts\/6581\/revisions"}],"predecessor-version":[{"id":6783,"href":"http:\/\/www.phil.bilkent.edu.tr\/index.php\/wp-json\/wp\/v2\/posts\/6581\/revisions\/6783"}],"wp:featuredmedia":[{"embeddable":true,"href":"http:\/\/www.phil.bilkent.edu.tr\/index.php\/wp-json\/wp\/v2\/media\/6582"}],"wp:attachment":[{"href":"http:\/\/www.phil.bilkent.edu.tr\/index.php\/wp-json\/wp\/v2\/media?parent=6581"}],"wp:term":[{"taxonomy":"category","embeddable":true,"href":"http:\/\/www.phil.bilkent.edu.tr\/index.php\/wp-json\/wp\/v2\/categories?post=6581"},{"taxonomy":"post_tag","embeddable":true,"href":"http:\/\/www.phil.bilkent.edu.tr\/index.php\/wp-json\/wp\/v2\/tags?post=6581"}],"curies":[{"name":"wp","href":"https:\/\/api.w.org\/{rel}","templated":true}]}}